{"id":1201,"date":"2024-12-04T16:09:38","date_gmt":"2024-12-04T19:09:38","guid":{"rendered":"https:\/\/canaparts.com.br\/blog\/?p=1201"},"modified":"2025-04-24T16:17:19","modified_gmt":"2025-04-24T19:17:19","slug":"formacao-capacitacao-no-setor-agricola","status":"publish","type":"post","link":"https:\/\/canaparts.com.br\/blog\/formacao-capacitacao-no-setor-agricola\/","title":{"rendered":"A import\u00e2ncia da forma\u00e7\u00e3o e capacita\u00e7\u00e3o no setor agr\u00edcola"},"content":{"rendered":"\n<p>O setor agr\u00edcola \u00e9 fundamental para a economia e a seguran\u00e7a alimentar mundial. No entanto, para garantir a sustentabilidade e competitividade da agricultura, \u00e9 crucial investir na forma\u00e7\u00e3o e capacita\u00e7\u00e3o dos profissionais do campo.&nbsp;<\/p>\n\n\n\n<p>Essa abordagem aprimora as t\u00e9cnicas de cultivo e promove a ado\u00e7\u00e3o de pr\u00e1ticas inovadoras e sustent\u00e1veis, atendendo \u00e0s demandas crescentes por alimentos e preservando os recursos naturais.<\/p>\n\n\n\n<p>Neste artigo, vamos analisar a import\u00e2ncia da forma\u00e7\u00e3o e capacita\u00e7\u00e3o no setor agr\u00edcola e como a Canaparts contribui para o desenvolvimento profissional com a possibilidade de consulta aos seus especialistas e o fornecimento de conte\u00fados educativos.<\/p>\n\n\n\n<p>Tamb\u00e9m discutiremos o papel de empresas como a Canaparts, que se destaca no fornecimento de pe\u00e7as de reposi\u00e7\u00e3o de alta qualidade para garantir que os agricultores se mantenham competitivos em um mercado em constante evolu\u00e7\u00e3o.<\/p>\n\n\n\n<div class=\"wp-block-rank-math-toc-block\" id=\"rank-math-toc\"><h2>\u00cdndice<\/h2><nav><ul><li class=\"\"><a href=\"#por-que-a-formacao-e-capacitacao-sao-essenciais-para-o-setor-agricola\">Por que a forma\u00e7\u00e3o e capacita\u00e7\u00e3o s\u00e3o essenciais para o setor agr\u00edcola?<\/a><\/li><li class=\"\"><a href=\"#principais-areas-de-conhecimento-que-os-profissionais-devem-desenvolver\">Principais \u00e1reas de conhecimento que os profissionais devem desenvolver<\/a><ul><li class=\"\"><a href=\"#tecnicas-de-cultivo\">T\u00e9cnicas de cultivo<\/a><\/li><li class=\"\"><a href=\"#tecnologia-agricola\">Tecnologia agr\u00edcola<\/a><\/li><li class=\"\"><a href=\"#sustentabilidade\">Sustentabilidade<\/a><\/li><li class=\"\"><a href=\"#gestao-financeira\">Gest\u00e3o financeira<\/a><\/li><li class=\"\"><a href=\"#legislacao-e-normas\">Legisla\u00e7\u00e3o e normas<\/a><\/li><\/ul><\/li><li class=\"\"><a href=\"#o-papel-da-educacao-na-melhoria-da-eficiencia-operacional\">O papel da educa\u00e7\u00e3o na melhoria da efici\u00eancia operacional<\/a><\/li><li class=\"\"><a href=\"#desafios-na-capacitacao-de-profissionais-em-tecnologia-agricola\">Desafios na capacita\u00e7\u00e3o de profissionais em tecnologia agr\u00edcola<\/a><\/li><li class=\"\"><a href=\"#a-relevancia-da-atualizacao-constante-em-um-setor-em-transformacao\">A relev\u00e2ncia da atualiza\u00e7\u00e3o constante em um setor em transforma\u00e7\u00e3o<\/a><\/li><li class=\"\"><a href=\"#a-importancia-de-cursos-tecnicos-e-especializacoes\">A import\u00e2ncia de cursos t\u00e9cnicos e especializa\u00e7\u00f5es<\/a><\/li><li class=\"\"><a href=\"#perspectivas-futuras-para-a-capacitacao-no-setor-agricola\">Perspectivas futuras para a capacita\u00e7\u00e3o no setor agr\u00edcola<\/a><\/li><li class=\"\"><a href=\"#conclusao\">Conclus\u00e3o<\/a><\/li><\/ul><\/nav><\/div>\n\n\n\n<h2 class=\"wp-block-heading\" id=\"por-que-a-formacao-e-capacitacao-sao-essenciais-para-o-setor-agricola\">Por que a forma\u00e7\u00e3o e capacita\u00e7\u00e3o s\u00e3o essenciais para o setor agr\u00edcola?<\/h2>\n\n\n\n<p>A forma\u00e7\u00e3o e capacita\u00e7\u00e3o no setor agr\u00edcola s\u00e3o pilares fundamentais para o desenvolvimento sustent\u00e1vel e competitivo da agricultura.&nbsp;<\/p>\n\n\n\n<p>Investir na qualifica\u00e7\u00e3o dos profissionais do campo resulta em t\u00e9cnicas de cultivo aprimoradas, pr\u00e1ticas inovadoras e sustent\u00e1veis e maior efici\u00eancia produtiva.&nbsp;<\/p>\n\n\n\n<p>A forma\u00e7\u00e3o cont\u00ednua dos agricultores ajuda a mant\u00ea-los atualizados sobre as melhores pr\u00e1ticas agr\u00edcolas, legisla\u00e7\u00f5es vigentes e tend\u00eancias de mercado.<\/p>\n\n\n\n<p>A moderniza\u00e7\u00e3o agr\u00edcola requer profissionais capacitados para manejar tecnologias avan\u00e7adas, como sistemas de irriga\u00e7\u00e3o de precis\u00e3o, drones para monitoramento de lavouras e ferramentas de an\u00e1lise de dados.&nbsp;<\/p>\n\n\n\n<p>Essas inova\u00e7\u00f5es aumentam a efici\u00eancia produtiva e reduzem desperd\u00edcios, contribuindo para a sustentabilidade ambiental e econ\u00f4mica das propriedades rurais.<\/p>\n\n\n\n<h2 class=\"wp-block-heading\" id=\"principais-areas-de-conhecimento-que-os-profissionais-devem-desenvolver\">Principais \u00e1reas de conhecimento que os profissionais devem desenvolver<\/h2>\n\n\n\n<p>Os profissionais do setor agr\u00edcola devem desenvolver diversas \u00e1reas de conhecimento para garantir a efici\u00eancia e sustentabilidade das opera\u00e7\u00f5es. Entre as principais \u00e1reas de conhecimento est\u00e3o:<\/p>\n\n\n\n<h3 class=\"wp-block-heading\" id=\"tecnicas-de-cultivo\">T\u00e9cnicas de cultivo<\/h3>\n\n\n\n<p>Compreender as melhores pr\u00e1ticas de cultivo maximiza a produtividade e minimiza os impactos ambientais, abrangendo escolha de sementes, rota\u00e7\u00e3o de culturas, uso de fertilizantes e controle de pragas.<\/p>\n\n\n\n<h3 class=\"wp-block-heading\" id=\"tecnologia-agricola\">Tecnologia agr\u00edcola<\/h3>\n\n\n\n<p>A capacita\u00e7\u00e3o em tecnologia agr\u00edcola permite que os profissionais utilizem ferramentas avan\u00e7adas, como drones, sensores e softwares de gest\u00e3o agr\u00edcola, para monitorar e otimizar o desempenho das lavouras.<\/p>\n\n\n\n<h3 class=\"wp-block-heading\" id=\"sustentabilidade\">Sustentabilidade<\/h3>\n\n\n\n<p>Adotar pr\u00e1ticas agr\u00edcolas sustent\u00e1veis \u00e9 crucial para preservar os recursos naturais e garantir a longevidade das opera\u00e7\u00f5es agr\u00edcolas, envolvendo a gest\u00e3o eficiente da \u00e1gua, o uso de energias renov\u00e1veis e a implementa\u00e7\u00e3o de t\u00e9cnicas de conserva\u00e7\u00e3o do solo.<\/p>\n\n\n\n<h3 class=\"wp-block-heading\" id=\"gestao-financeira\">Gest\u00e3o financeira<\/h3>\n\n\n\n<p>A gest\u00e3o financeira eficaz \u00e9 fundamental para o sucesso das opera\u00e7\u00f5es agr\u00edcolas e deve incluir a elabora\u00e7\u00e3o de or\u00e7amentos, a an\u00e1lise de custos e receitas e a tomada de decis\u00f5es estrat\u00e9gicas para garantir a rentabilidade das propriedades rurais.<\/p>\n\n\n\n<h3 class=\"wp-block-heading\" id=\"legislacao-e-normas\">Legisla\u00e7\u00e3o e normas<\/h3>\n\n\n\n<p>Manter-se atualizado sobre as legisla\u00e7\u00f5es e normas vigentes \u00e9 essencial para garantir a conformidade das opera\u00e7\u00f5es agr\u00edcolas, como a regulamenta\u00e7\u00e3o ambiental, a seguran\u00e7a no trabalho e as pol\u00edticas agr\u00edcolas.<\/p>\n\n\n\n<figure class=\"wp-block-image size-large\"><img decoding=\"async\" width=\"1024\" height=\"683\" src=\"https:\/\/canaparts.com.br\/blog\/wp-content\/uploads\/2025\/04\/capacitacao-agricola-importancia-1024x683.jpg\" alt=\"capacita\u00e7\u00e3o no setor agr\u00edcola import\u00e2ncia\" class=\"wp-image-1203\" title=\"\" srcset=\"https:\/\/canaparts.com.br\/blog\/wp-content\/uploads\/2025\/04\/capacitacao-agricola-importancia-1024x683.jpg 1024w, https:\/\/canaparts.com.br\/blog\/wp-content\/uploads\/2025\/04\/capacitacao-agricola-importancia-300x200.jpg 300w, https:\/\/canaparts.com.br\/blog\/wp-content\/uploads\/2025\/04\/capacitacao-agricola-importancia-768x512.jpg 768w, https:\/\/canaparts.com.br\/blog\/wp-content\/uploads\/2025\/04\/capacitacao-agricola-importancia-1536x1024.jpg 1536w, https:\/\/canaparts.com.br\/blog\/wp-content\/uploads\/2025\/04\/capacitacao-agricola-importancia-2048x1365.jpg 2048w\" sizes=\"(max-width: 1024px) 100vw, 1024px\" \/><figcaption class=\"wp-element-caption\"><em>A capacita\u00e7\u00e3o do profissional agr\u00edcola abrange diversas disciplinas importantes para o setor.<\/em><\/figcaption><\/figure>\n\n\n\n<h2 class=\"wp-block-heading\" id=\"o-papel-da-educacao-na-melhoria-da-eficiencia-operacional\">O papel da educa\u00e7\u00e3o na melhoria da efici\u00eancia operacional<\/h2>\n\n\n\n<p>A educa\u00e7\u00e3o desempenha um papel vital na melhoria da efici\u00eancia operacional no setor agr\u00edcola.&nbsp;<\/p>\n\n\n\n<p>Programas de forma\u00e7\u00e3o e capacita\u00e7\u00e3o permitem que os profissionais adquiram habilidades e conhecimentos necess\u00e1rios para implementar t\u00e9cnicas mais eficientes e sustent\u00e1veis no campo, resultando em maior produtividade, redu\u00e7\u00e3o de custos e minimiza\u00e7\u00e3o dos impactos ambientais.<\/p>\n\n\n\n<p>A educa\u00e7\u00e3o cont\u00ednua dos agricultores tamb\u00e9m os mant\u00e9m atualizados sobre as inova\u00e7\u00f5es tecnol\u00f3gicas e as melhores pr\u00e1ticas agr\u00edcolas.&nbsp;<\/p>\n\n\n\n<p>Programas de extens\u00e3o rural e cursos t\u00e9cnicos s\u00e3o importantes nesse processo, facilitando a transfer\u00eancia de conhecimento e a implementa\u00e7\u00e3o de t\u00e9cnicas avan\u00e7adas.<\/p>\n\n\n\n<h2 class=\"wp-block-heading\" id=\"desafios-na-capacitacao-de-profissionais-em-tecnologia-agricola\">Desafios na capacita\u00e7\u00e3o de profissionais em tecnologia agr\u00edcola<\/h2>\n\n\n\n<p>A capacita\u00e7\u00e3o de profissionais em tecnologia agr\u00edcola enfrenta diversos desafios, incluindo a falta de recursos financeiros, a resist\u00eancia \u00e0 mudan\u00e7a e a escassez de programas de forma\u00e7\u00e3o espec\u00edficos.&nbsp;<\/p>\n\n\n\n<p>No entanto, a supera\u00e7\u00e3o desses desafios \u00e9 essencial para garantir a ado\u00e7\u00e3o de tecnologias avan\u00e7adas e a moderniza\u00e7\u00e3o das opera\u00e7\u00f5es agr\u00edcolas.<\/p>\n\n\n\n<p>Investir em programas de capacita\u00e7\u00e3o e incentivar a participa\u00e7\u00e3o dos profissionais do campo s\u00e3o estrat\u00e9gias importantes para superar esses desafios.&nbsp;<\/p>\n\n\n\n<p>Parcerias entre institui\u00e7\u00f5es de pesquisa, universidades e organiza\u00e7\u00f5es governamentais tamb\u00e9m s\u00e3o fundamentais para oferecer programas de forma\u00e7\u00e3o adaptados \u00e0s necessidades espec\u00edficas dos produtores.<\/p>\n\n\n\n<h2 class=\"wp-block-heading\" id=\"a-relevancia-da-atualizacao-constante-em-um-setor-em-transformacao\">A relev\u00e2ncia da atualiza\u00e7\u00e3o constante em um setor em transforma\u00e7\u00e3o<\/h2>\n\n\n\n<p>O setor agr\u00edcola est\u00e1 em constante transforma\u00e7\u00e3o, impulsionado por inova\u00e7\u00f5es tecnol\u00f3gicas, mudan\u00e7as clim\u00e1ticas e tend\u00eancias de mercado.&nbsp;<\/p>\n\n\n\n<p>Nesse contexto, a atualiza\u00e7\u00e3o constante dos profissionais \u00e9 crucial para garantir a competitividade e sustentabilidade das opera\u00e7\u00f5es agr\u00edcolas.<\/p>\n\n\n\n<p>A participa\u00e7\u00e3o em cursos t\u00e9cnicos, workshops e eventos do setor s\u00e3o formas eficazes de manter os profissionais atualizados sobre as \u00faltimas inova\u00e7\u00f5es e pr\u00e1ticas agr\u00edcolas.&nbsp;<\/p>\n\n\n\n<p>Al\u00e9m disso, a consulta a especialistas e conte\u00fados ricos, como os oferecidos pela Canaparts, podem fornecer insights valiosos e orienta\u00e7\u00e3o t\u00e9cnica para a implementa\u00e7\u00e3o de novas tecnologias e pr\u00e1ticas.<\/p>\n\n\n\n<h2 class=\"wp-block-heading\" id=\"a-importancia-de-cursos-tecnicos-e-especializacoes\">A import\u00e2ncia de cursos t\u00e9cnicos e especializa\u00e7\u00f5es<\/h2>\n\n\n\n<p>Cursos t\u00e9cnicos e especializa\u00e7\u00f5es s\u00e3o essenciais para a forma\u00e7\u00e3o e capacita\u00e7\u00e3o dos profissionais do setor agr\u00edcola.&nbsp;<\/p>\n\n\n\n<p>Esses programas oferecem conhecimentos aprofundados e habilidades pr\u00e1ticas que s\u00e3o fundamentais para a efici\u00eancia e sustentabilidade das opera\u00e7\u00f5es agr\u00edcolas.<\/p>\n\n\n\n<p>A forma\u00e7\u00e3o t\u00e9cnica permite que os profissionais estejam preparados para enfrentar os desafios do setor, como mudan\u00e7as clim\u00e1ticas, pragas e oscila\u00e7\u00f5es de mercado.&nbsp;<\/p>\n\n\n\n<p>Agricultores bem informados e treinados est\u00e3o mais aptos a tomar decis\u00f5es assertivas, diversificar culturas e adotar sistemas de produ\u00e7\u00e3o integrados, minimizando riscos e garantindo a seguran\u00e7a alimentar.<\/p>\n\n\n\n<h2 class=\"wp-block-heading\" id=\"perspectivas-futuras-para-a-capacitacao-no-setor-agricola\">Perspectivas futuras para a capacita\u00e7\u00e3o no setor agr\u00edcola<\/h2>\n\n\n\n<p>As perspectivas futuras para a capacita\u00e7\u00e3o no setor agr\u00edcola s\u00e3o promissoras, com um aumento na oferta de programas de forma\u00e7\u00e3o e a crescente import\u00e2ncia das parcerias entre institui\u00e7\u00f5es de pesquisa, universidades e organiza\u00e7\u00f5es governamentais.&nbsp;<\/p>\n\n\n\n<p>Esses esfor\u00e7os s\u00e3o fundamentais para garantir a moderniza\u00e7\u00e3o e sustentabilidade das opera\u00e7\u00f5es agr\u00edcolas.<\/p>\n\n\n\n<p>A ado\u00e7\u00e3o de tecnologias avan\u00e7adas, como intelig\u00eancia artificial, rob\u00f3tica e agricultura de precis\u00e3o, requer uma capacita\u00e7\u00e3o cont\u00ednua dos profissionais do campo.&nbsp;<\/p>\n\n\n\n<p>Investir em programas de forma\u00e7\u00e3o e incentivar a participa\u00e7\u00e3o dos agricultores em cursos t\u00e9cnicos e especializa\u00e7\u00f5es s\u00e3o estrat\u00e9gias essenciais para garantir a competitividade e efici\u00eancia do setor agr\u00edcola no futuro.<\/p>\n\n\n\n<h2 class=\"wp-block-heading\" id=\"conclusao\">Conclus\u00e3o<\/h2>\n\n\n\n<p>A forma\u00e7\u00e3o e capacita\u00e7\u00e3o no setor agr\u00edcola s\u00e3o essenciais para promover uma agricultura mais eficiente, sustent\u00e1vel e competitiva, capaz de atender \u00e0s demandas atuais e futuras da sociedade.&nbsp;<\/p>\n\n\n\n<p>Investir na qualifica\u00e7\u00e3o dos profissionais do campo resulta em t\u00e9cnicas de cultivo aprimoradas, pr\u00e1ticas inovadoras e maior efici\u00eancia produtiva.<\/p>\n\n\n\n<p>A Canaparts tem um papel importante nesse processo, oferecendo conte\u00fado, suporte t\u00e9cnico e a possibilidade de consulta a especialistas, contribuindo para o desenvolvimento profissional dos agricultores.&nbsp;<\/p>\n\n\n\n<p>A forma\u00e7\u00e3o cont\u00ednua e a atualiza\u00e7\u00e3o constante s\u00e3o fundamentais para garantir a competitividade e sustentabilidade das opera\u00e7\u00f5es agr\u00edcolas em um setor em constante transforma\u00e7\u00e3o.<\/p>\n\n\n\n<p><em>O que achou da necessidade de capacita\u00e7\u00e3o no setor agr\u00edcola? Veja mais conte\u00fados em nosso <\/em><a href=\"https:\/\/canaparts.com.br\/blog\/\"><em>blog<\/em><\/a><em> e siga nossas redes sociais! <\/em><\/p>\n\n\n\n<p><\/p>\n","protected":false},"excerpt":{"rendered":"<p>O setor agr\u00edcola \u00e9 fundamental para a economia e a seguran\u00e7a alimentar mundial. No entanto, para garantir a sustentabilidade e competitividade da agricultura, \u00e9 crucial investir na forma\u00e7\u00e3o e capacita\u00e7\u00e3o dos profissionais do campo.&nbsp; Essa abordagem aprimora as t\u00e9cnicas de cultivo e promove a ado\u00e7\u00e3o de pr\u00e1ticas inovadoras e sustent\u00e1veis, atendendo \u00e0s demandas crescentes por&#8230;<\/p>\n","protected":false},"author":1,"featured_media":1202,"comment_status":"open","ping_status":"open","sticky":false,"template":"","format":"standard","meta":{"_kad_post_transparent":"","_kad_post_title":"","_kad_post_layout":"","_kad_post_sidebar_id":"","_kad_post_content_style":"","_kad_post_vertical_padding":"","_kad_post_feature":"","_kad_post_feature_position":"","_kad_post_header":false,"_kad_post_footer":false,"footnotes":""},"categories":[34],"tags":[51,52,53],"class_list":["post-1201","post","type-post","status-publish","format-standard","has-post-thumbnail","hentry","category-publicacoes","tag-capacitacao","tag-formacao","tag-profissional-agricola"],"_links":{"self":[{"href":"https:\/\/canaparts.com.br\/blog\/wp-json\/wp\/v2\/posts\/1201","targetHints":{"allow":["GET"]}}],"collection":[{"href":"https:\/\/canaparts.com.br\/blog\/wp-json\/wp\/v2\/posts"}],"about":[{"href":"https:\/\/canaparts.com.br\/blog\/wp-json\/wp\/v2\/types\/post"}],"author":[{"embeddable":true,"href":"https:\/\/canaparts.com.br\/blog\/wp-json\/wp\/v2\/users\/1"}],"replies":[{"embeddable":true,"href":"https:\/\/canaparts.com.br\/blog\/wp-json\/wp\/v2\/comments?post=1201"}],"version-history":[{"count":1,"href":"https:\/\/canaparts.com.br\/blog\/wp-json\/wp\/v2\/posts\/1201\/revisions"}],"predecessor-version":[{"id":1204,"href":"https:\/\/canaparts.com.br\/blog\/wp-json\/wp\/v2\/posts\/1201\/revisions\/1204"}],"wp:featuredmedia":[{"embeddable":true,"href":"https:\/\/canaparts.com.br\/blog\/wp-json\/wp\/v2\/media\/1202"}],"wp:attachment":[{"href":"https:\/\/canaparts.com.br\/blog\/wp-json\/wp\/v2\/media?parent=1201"}],"wp:term":[{"taxonomy":"category","embeddable":true,"href":"https:\/\/canaparts.com.br\/blog\/wp-json\/wp\/v2\/categories?post=1201"},{"taxonomy":"post_tag","embeddable":true,"href":"https:\/\/canaparts.com.br\/blog\/wp-json\/wp\/v2\/tags?post=1201"}],"curies":[{"name":"wp","href":"https:\/\/api.w.org\/{rel}","templated":true}]}}